[{"@context":"https:\/\/schema.org\/","@type":"Article","@id":"https:\/\/www.bufaci.cz\/i-v-brne-potrebujete-sidlo\/#Article","mainEntityOfPage":"https:\/\/www.bufaci.cz\/i-v-brne-potrebujete-sidlo\/","headline":"I v Brn\u011b pot\u0159ebujete s\u00eddlo","name":"I v Brn\u011b pot\u0159ebujete s\u00eddlo","description":"Tak\u00e9 v Brn\u011b nab\u00edz\u00edme um\u00edst\u011bn\u00ed va\u0161\u00ed spole\u010dnosti s ru\u010den\u00edm omezen\u00fdm na na\u0161i adresu. Co t\u00edm z\u00edsk\u00e1te? Je toho v\u00edce. Hlavn\u00ed d\u016fvod pro\u010d se na\u0161i z\u00e1kazn\u00edci na n\u00e1s obracej\u00ed s po\u017eadavkem um\u00edstit s\u00eddlo sv\u00e9 spole\u010dnosti na na\u0161\u00ed adrese je sni\u017eov\u00e1n\u00ed n\u00e1klad\u016f na provoz jejich firmy. Mnohdy toti\u017e podnikaj\u00ed v oborech, kter\u00e9 nepot\u0159ebuj\u00ed \u017e\u00e1dn\u00e9 prostory. Ani v\u00fdrobn\u00ed...<p class=\"more-link-wrap\"><a href=\"https:\/\/www.bufaci.cz\/i-v-brne-potrebujete-sidlo\/\" class=\"more-link\">Read More<span class=\"screen-reader-text\"> &ldquo;I v Brn\u011b pot\u0159ebujete s\u00eddlo&rdquo;<\/span> &raquo;<\/a><\/p>","datePublished":"2022-01-21","dateModified":"2023-04-25","author":{"@type":"Person","@id":"https:\/\/www.bufaci.cz\/author\/#Person","name":"","url":"https:\/\/www.bufaci.cz\/author\/","identifier":1,"image":{"@type":"ImageObject","@id":"https:\/\/secure.gravatar.com\/avatar\/c0c0e488d5f88ebdb5e32a558e21f6df03f38644814b5677bcd67e16813bee55?s=96&d=mm&r=g","url":"https:\/\/secure.gravatar.com\/avatar\/c0c0e488d5f88ebdb5e32a558e21f6df03f38644814b5677bcd67e16813bee55?s=96&d=mm&r=g","height":96,"width":96}},"publisher":{"@type":"Organization","name":"bufaci.cz","logo":{"@type":"ImageObject","@id":"\/logo.png","url":"\/logo.png","width":600,"height":60}},"image":{"@type":"ImageObject","@id":"https:\/\/www.bufaci.cz\/wp-content\/uploads\/vzor%20p%C5%99edsedy_2.jpeg","url":"https:\/\/www.bufaci.cz\/wp-content\/uploads\/vzor%20p%C5%99edsedy_2.jpeg","height":0,"width":0},"url":"https:\/\/www.bufaci.cz\/i-v-brne-potrebujete-sidlo\/","about":["Business"],"wordCount":403,"articleBody":"   Tak\u00e9 v Brn\u011b nab\u00edz\u00edme um\u00edst\u011bn\u00ed va\u0161\u00ed spole\u010dnosti s ru\u010den\u00edm omezen\u00fdm na na\u0161i adresu. Co t\u00edm z\u00edsk\u00e1te? Je toho v\u00edce. Hlavn\u00ed d\u016fvod pro\u010d se na\u0161i z\u00e1kazn\u00edci na n\u00e1s obracej\u00ed s po\u017eadavkem um\u00edstit s\u00eddlo sv\u00e9 spole\u010dnosti na na\u0161\u00ed adrese je sni\u017eov\u00e1n\u00ed n\u00e1klad\u016f na provoz jejich firmy. Mnohdy toti\u017e podnikaj\u00ed v oborech, kter\u00e9 nepot\u0159ebuj\u00ed \u017e\u00e1dn\u00e9 prostory. Ani v\u00fdrobn\u00ed haly, ani sklady a dokonce ani kancel\u00e1\u0159e. Proto maj\u00ed probl\u00e9m, jakou adresu uv\u00e9st p\u0159i zakl\u00e1d\u00e1n\u00ed spole\u010dnosti do Obchodn\u00edho rejst\u0159\u00edku jako s\u00eddlo firmy v Brn\u011b. Nechce se jim pronaj\u00edmat skute\u010dn\u00e9 prostory, kter\u00e9 by nijak nevyu\u017eili, ale museli by za n\u011b platit vysok\u00e9 n\u00e1jmy.Poskytnut\u00edm na\u0161\u00ed adresy jim tak vytrhneme trn z paty, vy\u0159e\u0161\u00edme jejich probl\u00e9m a je\u0161t\u011b k tomu na\u0161i z\u00e1kazn\u00edci u\u0161et\u0159\u00ed, nebo\u0165 cena poskytnut\u00ed na\u0161\u00ed adresy pro jejich \u00fa\u010dely je p\u0159ijde na p\u00e1r stokorun m\u011bs\u00ed\u010dn\u011b.Poskytnut\u00ed adresy se jinak rovn\u011b\u017e naz\u00fdv\u00e1 Virtu\u00e1ln\u00ed s\u00eddlo. Ale na\u0161e slu\u017eby a\u017e tak virtu\u00e1ln\u00ed \u00fapln\u011b nejsou. P\u0159i pron\u00e1jmu adresy nab\u00eddneme z\u00e1kazn\u00edkovi pom\u011brn\u011b rozs\u00e1hl\u00fd servis. Jde n\u00e1m o to, aby d\u00edky s\u00eddlu jeho spole\u010dnosti na na\u0161\u00ed adrese, mu nevznikaly n\u011bjak\u00e9 povinnosti, kter\u00e9 by jej zbyte\u010dn\u011b zat\u011b\u017eovaly.To znamen\u00e1 ur\u010dit\u00e9 slu\u017eby, kter\u00e9 by jinak musela vykon\u00e1vat n\u011bjak\u00e1 pracovn\u00ed s\u00edla placen\u00e1 z\u00e1kazn\u00edkem, nap\u0159\u00edklad sekret\u00e1\u0159ka. T\u00fdk\u00e1 se to p\u0159edev\u0161\u00edm po\u0161tovn\u00ed korespondence. V m\u00edst\u011b sv\u00e9ho s\u00eddla bude ve\u0161ker\u00e1 po\u0161tovn\u00ed korespondence nejen zaregistrov\u00e1na a p\u0159ipravena k pozd\u011bj\u0161\u00edmu vyzvednut\u00ed, ale tak\u00e9 a co je hlavn\u00ed, budou listovn\u00ed z\u00e1silky, v\u010detn\u011b t\u011bch doporu\u010den\u00fdch naskenov\u00e1ny. Soubory s t\u011bmito skeny, ve form\u00e1tu PDF, je okam\u017eit\u011b po zpracov\u00e1n\u00ed odes\u00edl\u00e1me elektronicky na e-mailovou adresu z\u00e1kazn\u00edka. Z\u00e1kazn\u00edk tak o \u017e\u00e1dnou informaci nep\u0159ijde a nebude ani v prodlen\u00ed v p\u0159\u00edpad\u011b, \u017ee z\u00e1silka bude m\u00edt \u010dasov\u00e1 omezen\u00ed.Z\u00e1kazn\u00edk m\u00e1 u n\u00e1s rovn\u011b\u017e mo\u017enost vyu\u017e\u00edvat na\u0161e konferen\u010dn\u00ed m\u00edstnosti ke sv\u00fdm obchodn\u00edm jedn\u00e1n\u00edm.                                                                                                                                                                                                                                                                                                                                                                                                  "},{"@context":"https:\/\/schema.org\/","@type":"BreadcrumbList","itemListElement":[{"@type":"ListItem","position":1,"name":"I v Brn\u011b pot\u0159ebujete s\u00eddlo","item":"https:\/\/www.bufaci.cz\/i-v-brne-potrebujete-sidlo\/#breadcrumbitem"}]}]