[{"@context":"https:\/\/schema.org\/","@type":"Article","@id":"https:\/\/www.bufaci.cz\/jsme-schopni-opravovat-pri-venkovni-teplote-do-10c\/#Article","mainEntityOfPage":"https:\/\/www.bufaci.cz\/jsme-schopni-opravovat-pri-venkovni-teplote-do-10c\/","headline":"Jsme schopni opravovat p\u0159i venkovn\u00ed teplot\u011b do -10C","name":"Jsme schopni opravovat p\u0159i venkovn\u00ed teplot\u011b do -10C","description":"M\u016f\u017ee se to st\u00e1t velice rychle a bude v\u00e1s to st\u00e1t nemal\u00e9 pen\u00edze, co je to? No p\u0159ece v\u00fdm\u011bna autoskla. Pr\u00e1v\u011b proto, jestli se v\u00e1m stala takov\u00e1 nep\u0159\u00edjemn\u00e1 nehoda, p\u0159ije\u010fte k n\u00e1m, proto\u017ee my v\u00e1m vysok\u00e9 ceny nep\u0159iprav\u00edme. Sna\u017e\u00edme se jen o to, aby autoskla Praha byla co nejkvalitn\u011bj\u0161\u00ed, a m\u011bla v\u00e1m co nab\u00eddnout, proto...<p class=\"more-link-wrap\"><a href=\"https:\/\/www.bufaci.cz\/jsme-schopni-opravovat-pri-venkovni-teplote-do-10c\/\" class=\"more-link\">Read More<span class=\"screen-reader-text\"> &ldquo;Jsme schopni opravovat p\u0159i venkovn\u00ed teplot\u011b do -10C&rdquo;<\/span> &raquo;<\/a><\/p>","datePublished":"2025-04-12","dateModified":"2025-04-12","author":{"@type":"Person","@id":"https:\/\/www.bufaci.cz\/author\/#Person","name":"","url":"https:\/\/www.bufaci.cz\/author\/","identifier":1,"image":{"@type":"ImageObject","@id":"https:\/\/secure.gravatar.com\/avatar\/c0c0e488d5f88ebdb5e32a558e21f6df03f38644814b5677bcd67e16813bee55?s=96&d=mm&r=g","url":"https:\/\/secure.gravatar.com\/avatar\/c0c0e488d5f88ebdb5e32a558e21f6df03f38644814b5677bcd67e16813bee55?s=96&d=mm&r=g","height":96,"width":96}},"publisher":{"@type":"Organization","name":"bufaci.cz","logo":{"@type":"ImageObject","@id":"\/logo.png","url":"\/logo.png","width":600,"height":60}},"url":"https:\/\/www.bufaci.cz\/jsme-schopni-opravovat-pri-venkovni-teplote-do-10c\/","wordCount":191,"articleBody":"M\u016f\u017ee se to st\u00e1t velice rychle a bude v\u00e1s to st\u00e1t nemal\u00e9 pen\u00edze, co je to? No p\u0159ece v\u00fdm\u011bna autoskla. Pr\u00e1v\u011b proto, jestli se v\u00e1m stala takov\u00e1 nep\u0159\u00edjemn\u00e1 nehoda, p\u0159ije\u010fte k n\u00e1m, proto\u017ee my v\u00e1m vysok\u00e9 ceny nep\u0159iprav\u00edme. Sna\u017e\u00edme se jen o to, aby autoskla Praha byla co nejkvalitn\u011bj\u0161\u00ed, a m\u011bla v\u00e1m co nab\u00eddnout, proto i vy vyu\u017eijte na\u0161i nab\u00eddku.Co v\u00edc si m\u016f\u017eete p\u0159\u00e1t, ne\u017e kvalitn\u00ed slu\u017eby, kter\u00e9 v\u00e1s budou st\u00e1t m\u00e1lo. Pr\u00e1v\u011b my pracujeme rychle, proto si m\u016f\u017eete dovolit si o n\u00e1s tvrdit, co tvrd\u00edme. Je\u0161t\u011b nav\u00edc od n\u00e1s odjelo velice hodn\u011b spokojen\u00fdch z\u00e1kazn\u00edk\u016f, kte\u0159\u00ed tak\u00e9 pot\u0159ebovali autoskla Praha.Sta\u010d\u00ed n\u00e1s vyu\u017e\u00edtT\u011b\u0161\u00edme se na ka\u017edou n\u00e1v\u0161t\u011bvu, kterou k n\u00e1m podniknete. Proto je skv\u011bl\u00e9, \u017ee m\u00e1te autoskla Praha, na kter\u00e1 se m\u016f\u017eete spolehnout, proto\u017ee my jsme ti, kte\u0159\u00ed v\u00e1m je kvalitn\u011b namontuj\u00ed.                                                                                                                                                                                                                                                                                                                                                                                                "},{"@context":"https:\/\/schema.org\/","@type":"BreadcrumbList","itemListElement":[{"@type":"ListItem","position":1,"name":"Jsme schopni opravovat p\u0159i venkovn\u00ed teplot\u011b do -10C","item":"https:\/\/www.bufaci.cz\/jsme-schopni-opravovat-pri-venkovni-teplote-do-10c\/#breadcrumbitem"}]}]