[{"@context":"https:\/\/schema.org\/","@type":"Article","@id":"https:\/\/www.bufaci.cz\/pujcovna-privesu\/#Article","mainEntityOfPage":"https:\/\/www.bufaci.cz\/pujcovna-privesu\/","headline":"P\u016fj\u010dovna p\u0159\u00edv\u011bs\u016f","name":"P\u016fj\u010dovna p\u0159\u00edv\u011bs\u016f","description":"Ka\u017ed\u00fd z n\u00e1s se ur\u010dit\u011b alespo\u0148 jednou setkal s t\u00edm, \u017ee pot\u0159ebuje p\u0159ev\u00e9st n\u011bjak\u00fd n\u00e1bytek, nebo v\u011bt\u0161\u00ed mno\u017estv\u00ed v\u011bc\u00ed, kter\u00e9 se mu do osobn\u00edho auta nevlezou. Pro tyto lidi vznikla firma, kter\u00e1 V\u00e1m u\u0161et\u0159\u00ed va\u0161i pr\u00e1ci a hlavn\u011b n\u00e1mahu, p\u0159i st\u011bhov\u00e1n\u00ed a p\u0159ev\u00e1\u017een\u00ed v\u011bc\u00ed nejr\u016fzn\u011bj\u0161\u00edch rozm\u011br\u016f. P\u016fj\u010dovna p\u0159\u00edv\u011bs\u016f Praha 9, V\u00e1m nab\u00eddne p\u0159\u00edv\u011bsy a dod\u00e1vky...<p class=\"more-link-wrap\"><a href=\"https:\/\/www.bufaci.cz\/pujcovna-privesu\/\" class=\"more-link\">Read More<span class=\"screen-reader-text\"> &ldquo;P\u016fj\u010dovna p\u0159\u00edv\u011bs\u016f&rdquo;<\/span> &raquo;<\/a><\/p>","datePublished":"2020-05-10","dateModified":"2024-03-22","author":{"@type":"Person","@id":"https:\/\/www.bufaci.cz\/author\/#Person","name":"","url":"https:\/\/www.bufaci.cz\/author\/","identifier":1,"image":{"@type":"ImageObject","@id":"https:\/\/secure.gravatar.com\/avatar\/c0c0e488d5f88ebdb5e32a558e21f6df03f38644814b5677bcd67e16813bee55?s=96&d=mm&r=g","url":"https:\/\/secure.gravatar.com\/avatar\/c0c0e488d5f88ebdb5e32a558e21f6df03f38644814b5677bcd67e16813bee55?s=96&d=mm&r=g","height":96,"width":96}},"publisher":{"@type":"Organization","name":"bufaci.cz","logo":{"@type":"ImageObject","@id":"\/logo.png","url":"\/logo.png","width":600,"height":60}},"image":{"@type":"ImageObject","@id":"https:\/\/www.bufaci.cz\/wp-content\/uploads\/n%C3%A1kladn%C3%AD%20auto.jpg","url":"https:\/\/www.bufaci.cz\/wp-content\/uploads\/n%C3%A1kladn%C3%AD%20auto.jpg","height":0,"width":0},"url":"https:\/\/www.bufaci.cz\/pujcovna-privesu\/","about":["Business"],"wordCount":449,"articleBody":"      Ka\u017ed\u00fd z n\u00e1s se ur\u010dit\u011b alespo\u0148 jednou setkal s t\u00edm, \u017ee pot\u0159ebuje p\u0159ev\u00e9st n\u011bjak\u00fd n\u00e1bytek, nebo v\u011bt\u0161\u00ed mno\u017estv\u00ed v\u011bc\u00ed, kter\u00e9 se mu do osobn\u00edho auta nevlezou. Pro tyto lidi vznikla firma, kter\u00e1 V\u00e1m u\u0161et\u0159\u00ed va\u0161i pr\u00e1ci a hlavn\u011b n\u00e1mahu, p\u0159i st\u011bhov\u00e1n\u00ed a p\u0159ev\u00e1\u017een\u00ed v\u011bc\u00ed nejr\u016fzn\u011bj\u0161\u00edch rozm\u011br\u016f. P\u016fj\u010dovna p\u0159\u00edv\u011bs\u016f Praha 9, V\u00e1m nab\u00eddne p\u0159\u00edv\u011bsy a dod\u00e1vky na \u0159idi\u010dsk\u00fd pr\u016fkaz skupiny B a to za velice p\u0159ijateln\u00e9 ceny. Nav\u00edc je zde velk\u00fd v\u00fdb\u011br dod\u00e1vek, kter\u00e9 si m\u016f\u017eete p\u016fj\u010dit 7 dn\u00ed v t\u00fddnu a to od 9 do 21 hodin. Ka\u017ed\u00e1 z nich je nav\u00edc vybavena d\u00e1lni\u010dn\u00ed zn\u00e1mkou, tak\u017ee se nemus\u00edte b\u00e1t p\u0159\u00edpadn\u00e9 pokuty a vjezdu na na\u0161e d\u00e1lnice.Voz\u00edky jsou vybaveny rezervou a sklopn\u00fdm \u010delem, v p\u0159\u00edpad\u011b p\u016fj\u010den\u00ed i dod\u00e1vky je v cen\u011b po\u010d\u00edt\u00e1na tak\u00e9 non-stop asisten\u010dn\u00ed slu\u017eby. Ve\u0161ker\u00e9 ceny, kter\u00e9 jsou uvedeny u p\u0159\u00edv\u011bs\u016f a dod\u00e1vek jsou kone\u010dn\u00e9 a nep\u0159ipo\u010d\u00edt\u00e1v\u00e1 se DPH k cen\u011b. Firma uv\u00e1d\u00ed, \u017ee nen\u00ed pl\u00e1tcem DPH.Na str\u00e1nk\u00e1ch najdete samoz\u0159ejm\u011b kontakt, na kter\u00e9m si zle domluvit rezervaci, nebo p\u016fj\u010den\u00ed p\u0159\u00edv\u011bsu, \u010di dod\u00e1vky. Pro rychl\u00e9 rozhodov\u00e1n\u00ed, je str\u00e1nka vybavena takzvanou rychlou rezervac\u00ed, kde vypln\u00edte z\u00e1kladn\u00ed \u00fadaje, jako je telefon, jm\u00e9no, p\u0159\u00edjmen\u00ed a hlavn\u011b datum, od kdy do kdy si chcete dod\u00e1vku \u010di p\u0159\u00edv\u011bs p\u016fj\u010dit. Pokud si v\u0161ak nev\u00edte rady, a st\u00e1le t\u00e1pete, jak\u00fd p\u0159\u00edv\u011bs nebo dod\u00e1vku si p\u016fj\u010dit, nebojte se obr\u00e1tit p\u0159\u00edmo na tuto firmu. R\u00e1da V\u00e1m porad\u00ed a zodpov\u00ed va\u0161e ot\u00e1zky ohledn\u011b jejich slu\u017eeb. P\u0159ece jenom je lep\u0161\u00ed, se poradit s odborn\u00edky, ne\u017e spol\u00e9hat na n\u00e1hodu.Pokud se tedy rozhodujete a jste st\u00e1le na v\u00e1\u017ek\u00e1ch, zda si na st\u011bhov\u00e1n\u00ed do nov\u00e9ho domu p\u016fj\u010dit voz\u00edk nebo ne, ur\u010dit\u011b zvolte odpov\u011b\u010f ano. Nejen, \u017ee nebudete muset jezdit po\u0159\u00e1d dokola tam a zp\u00e1tky, ale tak\u00e9 si u\u0161et\u0159\u00edte \u010das se skl\u00e1d\u00e1n\u00edm v\u011bc\u00ed do auta. Proto nev\u00e1hejte a zvolte slu\u017eby t\u00e9to firmy, ur\u010dit\u011b nebudete litovat a tyto slu\u017eby se V\u00e1m zal\u00edb\u00ed natolik, \u017ee je vyu\u017eijete ur\u010dit\u011b i p\u0159\u00ed\u0161t\u011b.                                                                                                                                                                                                                                                                                                                                                                                                  "},{"@context":"https:\/\/schema.org\/","@type":"BreadcrumbList","itemListElement":[{"@type":"ListItem","position":1,"name":"P\u016fj\u010dovna p\u0159\u00edv\u011bs\u016f","item":"https:\/\/www.bufaci.cz\/pujcovna-privesu\/#breadcrumbitem"}]}]