[{"@context":"https:\/\/schema.org\/","@type":"Article","@id":"https:\/\/www.bufaci.cz\/rozhodnuto-vas-mazlicek-bude-s-vami-cestovat\/#Article","mainEntityOfPage":"https:\/\/www.bufaci.cz\/rozhodnuto-vas-mazlicek-bude-s-vami-cestovat\/","headline":"Rozhodnuto, v\u00e1\u0161 mazl\u00ed\u010dek bude s v\u00e1mi cestovat","name":"Rozhodnuto, v\u00e1\u0161 mazl\u00ed\u010dek bude s v\u00e1mi cestovat","description":"Dlouho jste uva\u017eovali, jestli sv\u00e9ho ps\u00edho kamar\u00e1da vezm\u011bte s\u00a0sebou nebo ho sv\u011b\u0159\u00edte do ciz\u00ed p\u00e9\u010de. Nakonec jste se rozhodli podle zji\u0161t\u011bn\u00fdch okolnost\u00ed, \u017ee nikomu vadit nebude. Cestu autem sn\u00e1\u0161\u00ed dob\u0159e, tak\u017ee nic nebr\u00e1n\u00ed tomu, aby jel s\u00a0v\u00e1mi. Tak a rozhodnuto, je\u0161t\u011b zjistit, co vlastn\u011b takov\u00fd pes pot\u0159ebuje s\u00a0sebou. 1.\u00a0\u00a0\u00a0\u00a0\u00a0\u00a0 cestujete po \u010cesk\u00e9 republice Tak to...<p class=\"more-link-wrap\"><a href=\"https:\/\/www.bufaci.cz\/rozhodnuto-vas-mazlicek-bude-s-vami-cestovat\/\" class=\"more-link\">Read More<span class=\"screen-reader-text\"> &ldquo;Rozhodnuto, v\u00e1\u0161 mazl\u00ed\u010dek bude s v\u00e1mi cestovat&rdquo;<\/span> &raquo;<\/a><\/p>","datePublished":"2025-03-08","dateModified":"2023-04-25","author":{"@type":"Person","@id":"https:\/\/www.bufaci.cz\/author\/#Person","name":"","url":"https:\/\/www.bufaci.cz\/author\/","identifier":1,"image":{"@type":"ImageObject","@id":"https:\/\/secure.gravatar.com\/avatar\/c0c0e488d5f88ebdb5e32a558e21f6df03f38644814b5677bcd67e16813bee55?s=96&d=mm&r=g","url":"https:\/\/secure.gravatar.com\/avatar\/c0c0e488d5f88ebdb5e32a558e21f6df03f38644814b5677bcd67e16813bee55?s=96&d=mm&r=g","height":96,"width":96}},"publisher":{"@type":"Organization","name":"bufaci.cz","logo":{"@type":"ImageObject","@id":"\/logo.png","url":"\/logo.png","width":600,"height":60}},"image":{"@type":"ImageObject","@id":"https:\/\/www.bufaci.cz\/wp-content\/uploads\/img_a300823_w2150_t1510861672.jpg","url":"https:\/\/www.bufaci.cz\/wp-content\/uploads\/img_a300823_w2150_t1510861672.jpg","height":0,"width":0},"url":"https:\/\/www.bufaci.cz\/rozhodnuto-vas-mazlicek-bude-s-vami-cestovat\/","wordCount":525,"articleBody":"Dlouho jste uva\u017eovali, jestli sv\u00e9ho ps\u00edho kamar\u00e1da vezm\u011bte s\u00a0sebou nebo ho sv\u011b\u0159\u00edte do ciz\u00ed p\u00e9\u010de. Nakonec jste se rozhodli podle zji\u0161t\u011bn\u00fdch okolnost\u00ed, \u017ee nikomu vadit nebude. Cestu autem sn\u00e1\u0161\u00ed dob\u0159e, tak\u017ee nic nebr\u00e1n\u00ed tomu, aby jel s\u00a0v\u00e1mi. Tak a rozhodnuto, je\u0161t\u011b zjistit, co vlastn\u011b takov\u00fd pes pot\u0159ebuje s\u00a0sebou.1.\u00a0\u00a0\u00a0\u00a0\u00a0\u00a0 cestujete po \u010cesk\u00e9 republice Tak to nen\u00ed zase slo\u017eit\u00e9, d\u016fle\u017eit\u00e9 je, aby m\u011bl platn\u00fd o\u010dkovac\u00ed pr\u016fkaz a v\u00a0n\u011bm zaznamen\u00e1na ve\u0161ker\u00e1 o\u010dkov\u00e1n\u00ed. Nikdy nev\u00edte, co by se mohlo cestou st\u00e1t a je to vlastn\u011b jeho takov\u00fd mal\u00fd ob\u010dansk\u00fd pr\u016fkaz.2.\u00a0\u00a0\u00a0\u00a0\u00a0\u00a0 jedete do zahrani\u010d\u00edNejprve si po\u0159\u00e1dn\u011b zjist\u011bte n\u011bco o destinaci, kam cestujete. V\u00a0zem\u00edch Evropsk\u00e9 Unie v\u011bt\u0161inou posta\u010d\u00ed platn\u00e9 o\u010dkov\u00e1n\u00ed proti vzteklin\u011b, ale ka\u017ed\u00e1 zem\u011b m\u016f\u017ee vy\u017eadovat je\u0161t\u011b n\u011bco jin\u00e9ho. Informace by m\u011bla poskytnout St\u00e1tn\u00ed veterin\u00e1rn\u00ed spr\u00e1va nebo je mo\u017enost se zeptat i na p\u0159\u00edslu\u0161n\u00e9 ambas\u00e1d\u011b. V\u00a0ka\u017ed\u00e9m p\u0159\u00edpad\u011b mus\u00ed m\u00edt sv\u016fj Petpassport, kde jsou obsa\u017eeny d\u016fle\u017eit\u00e9 informace. Zde se obra\u0165te na va\u0161eho veterin\u00e1rn\u00edho l\u00e9ka\u0159e.\tDoklady vy\u0159\u00edzeny, co d\u00e1lPamatujte, \u017ee i v\u00e1\u0161 zv\u00ed\u0159ec\u00ed mazl\u00ed\u010dek pot\u0159ebuje s\u00a0sebou zabalit n\u011bjak\u00e9 jeho v\u011bci. Budete mu muset po\u0159\u00eddit zavazadlo. Je to v\u00fdhodn\u00e9 i v\u00a0tom, \u017ee zde budou ulo\u017eeny jen jeho v\u011bci. N\u00e1hradn\u00ed obojek, postroj, vod\u00edtko, misky na krmen\u00ed, hra\u010dky, deka, ale i t\u0159eba l\u00e9ky, kter\u00e9 u\u017e\u00edv\u00e1 nebo malou l\u00e9k\u00e1rni\u010dku, co kdyby se n\u011bkde po\u0159ezal. Samoz\u0159ejm\u011b zde budou i jeho doklady, tak\u017ee vlastn\u011b v\u0161e co bude pat\u0159it jen jemu, budete m\u00edt p\u011bkn\u011b pohromad\u011b. Nezapome\u0148te p\u0159ibalit s\u00a0sebou i n\u011bjak\u00fd p\u0159\u00edpravek na ochranu p\u0159ed vn\u011bj\u0161\u00edmi parazity, t\u00edm ho budete chr\u00e1nit p\u0159ed p\u0159is\u00e1t\u00edm a p\u0159enosem nebezpe\u010dn\u00fdch onemocn\u011bn\u00ed.Z\u00e1rove\u0148 by bylo dobr\u00e9 mu zabalit krmen\u00ed na celou dobu va\u0161eho cestov\u00e1n\u00ed. Nebudete muset sh\u00e1n\u011bt obchody, kde prod\u00e1vaj\u00ed granule a nav\u00edc, v\u00e1\u0161 mil\u00e1\u010dek bude m\u00edt zna\u010dku, na kterou je zvykl\u00fd.\tChra\u0148te jeho, ale i sebeP\u0159i samotn\u00e9 cest\u011b mus\u00edte b\u00fdt opatrn\u00ed. Vyu\u017eijte na p\u0159evoz zv\u00ed\u0159ec\u00edho mil\u00e1\u010dka bu\u010f speci\u00e1ln\u00edch k\u0161\u00edr\u016f, nebo bezpe\u010dnostn\u00ed klec. Tak zajist\u00edte bezpe\u010dnou j\u00edzdu autem. To ale nen\u00ed v\u0161e. Vzali jste s\u00a0sebou pasa\u017e\u00e9ra, o kter\u00e9ho se mus\u00edte starat. Tak\u017ee v\u011bnujte speci\u00e1ln\u00ed pozornost v\u00a0pr\u016fb\u011bhu cel\u00e9 cesty. M\u00e1 sv\u00e9 pot\u0159eby jako vy. Dodr\u017eovat pitn\u00fd re\u017eim a vyven\u010dit se pat\u0159\u00ed k\u00a0z\u00e1kladn\u00edm pot\u0159eb\u00e1m.Nakonec zjist\u00edte, \u017ee pokud je ta mo\u017enost, tak cestov\u00e1n\u00ed se zv\u00ed\u0159ec\u00edm kamar\u00e1dem nen\u00ed zase tak slo\u017eit\u00e9.                                                                                                                                                                                                                                                                                                                                                                                                "},{"@context":"https:\/\/schema.org\/","@type":"BreadcrumbList","itemListElement":[{"@type":"ListItem","position":1,"name":"Rozhodnuto, v\u00e1\u0161 mazl\u00ed\u010dek bude s v\u00e1mi cestovat","item":"https:\/\/www.bufaci.cz\/rozhodnuto-vas-mazlicek-bude-s-vami-cestovat\/#breadcrumbitem"}]}]