[{"@context":"https:\/\/schema.org\/","@type":"Article","@id":"https:\/\/www.bufaci.cz\/sidlo-firmy-si-vytvorite-jiz-za-nekolik-dni\/#Article","mainEntityOfPage":"https:\/\/www.bufaci.cz\/sidlo-firmy-si-vytvorite-jiz-za-nekolik-dni\/","headline":"S\u00eddlo firmy si vytvo\u0159\u00edte ji\u017e za n\u011bkolik dn\u00ed","name":"S\u00eddlo firmy si vytvo\u0159\u00edte ji\u017e za n\u011bkolik dn\u00ed","description":"Dob\u0159e vybaven\u00e9 s\u00eddlo firmy je jednou z ned\u016fle\u017eit\u011bj\u0161\u00edch v\u011bc\u00ed pro ka\u017ed\u00e9ho, kdo chce podnikat jako pr\u00e1vnick\u00e1 osoba. D\u011bl\u00e1te zde toti\u017e sch\u016fzky s va\u0161imi obchodn\u00edmi partnery a st\u00e1vaj\u00edc\u00edmi i nov\u00fdmi z\u00e1kazn\u00edky. Ti si na v\u00e1s podle n\u011bj mohou ud\u011blat prvn\u00ed dojem, kter\u00fd je jednou z nejd\u016fle\u017eit\u011bj\u0161\u00edch v\u011bc\u00ed. P\u0159esn\u011b tyto slu\u017eby v\u00e1m poskytuje spole\u010dnost Kancel\u00e1\u0159sk\u00e9 centrum Praha,...<p class=\"more-link-wrap\"><a href=\"https:\/\/www.bufaci.cz\/sidlo-firmy-si-vytvorite-jiz-za-nekolik-dni\/\" class=\"more-link\">Read More<span class=\"screen-reader-text\"> &ldquo;S\u00eddlo firmy si vytvo\u0159\u00edte ji\u017e za n\u011bkolik dn\u00ed&rdquo;<\/span> &raquo;<\/a><\/p>","datePublished":"2025-03-11","dateModified":"2025-03-11","author":{"@type":"Person","@id":"https:\/\/www.bufaci.cz\/author\/#Person","name":"","url":"https:\/\/www.bufaci.cz\/author\/","identifier":1,"image":{"@type":"ImageObject","@id":"https:\/\/secure.gravatar.com\/avatar\/c0c0e488d5f88ebdb5e32a558e21f6df03f38644814b5677bcd67e16813bee55?s=96&d=mm&r=g","url":"https:\/\/secure.gravatar.com\/avatar\/c0c0e488d5f88ebdb5e32a558e21f6df03f38644814b5677bcd67e16813bee55?s=96&d=mm&r=g","height":96,"width":96}},"publisher":{"@type":"Organization","name":"bufaci.cz","logo":{"@type":"ImageObject","@id":"\/logo.png","url":"\/logo.png","width":600,"height":60}},"url":"https:\/\/www.bufaci.cz\/sidlo-firmy-si-vytvorite-jiz-za-nekolik-dni\/","wordCount":177,"articleBody":"Dob\u0159e vybaven\u00e9 s\u00eddlo firmy je jednou z ned\u016fle\u017eit\u011bj\u0161\u00edch v\u011bc\u00ed pro ka\u017ed\u00e9ho, kdo chce podnikat jako pr\u00e1vnick\u00e1 osoba. D\u011bl\u00e1te zde toti\u017e sch\u016fzky s va\u0161imi obchodn\u00edmi partnery a st\u00e1vaj\u00edc\u00edmi i nov\u00fdmi z\u00e1kazn\u00edky. Ti si na v\u00e1s podle n\u011bj mohou ud\u011blat prvn\u00ed dojem, kter\u00fd je jednou z nejd\u016fle\u017eit\u011bj\u0161\u00edch v\u011bc\u00ed.P\u0159esn\u011b tyto slu\u017eby v\u00e1m poskytuje spole\u010dnost Kancel\u00e1\u0159sk\u00e9 centrum Praha, kter\u00e1 je na tento obor specialistou. M\u00e1me velmi dob\u0159e vybaven\u00e9 s\u00eddlo firmy v Praze, kde najdete v\u0161echno pot\u0159ebn\u00e9, jak zasedac\u00ed m\u00edstnost, tak i projektor. To v\u0161e v\u00e1m nab\u00edz\u00ed u\u017e od necel\u00fdch t\u0159\u00edset korun m\u011bs\u00ed\u010dn\u011b.Skv\u011bl\u00e1 vizitkaTo, jak\u00e9 m\u00e1te s\u00eddlo firmy a na jak\u00e9 adrese je situov\u00e1no, je jednou z v\u011bc\u00ed, kter\u00e1 d\u011bl\u00e1 va\u0161\u00ed spole\u010dnosti vizitku. Pr\u00e1v\u011b proto byste se o n\u011bj m\u011bli zaj\u00edmat.                                                                                                                                                                                                                                                                                                                                                                                                "},{"@context":"https:\/\/schema.org\/","@type":"BreadcrumbList","itemListElement":[{"@type":"ListItem","position":1,"name":"S\u00eddlo firmy si vytvo\u0159\u00edte ji\u017e za n\u011bkolik dn\u00ed","item":"https:\/\/www.bufaci.cz\/sidlo-firmy-si-vytvorite-jiz-za-nekolik-dni\/#breadcrumbitem"}]}]