[{"@context":"https:\/\/schema.org\/","@type":"Article","@id":"https:\/\/www.bufaci.cz\/zimni-zahrady-pro-kazdou-domacnost\/#Article","mainEntityOfPage":"https:\/\/www.bufaci.cz\/zimni-zahrady-pro-kazdou-domacnost\/","headline":"Zimn\u00ed zahrady pro ka\u017edou dom\u00e1cnost","name":"Zimn\u00ed zahrady pro ka\u017edou dom\u00e1cnost","description":"Zimn\u00ed zahrady jsou syst\u00e9mov\u011b sestaveny z jednotliv\u00fdch prvk\u016f. Mohou m\u00edt v\u00fdklopn\u00e1 \u010di oto\u010dn\u00e1 okna, pevnou nebo vykl\u00e1p\u011bc\u00ed st\u0159echu, svisl\u00e9 st\u011bny mohou b\u00fdt pevn\u00e9 i posuvn\u00e9. V\u0161e z\u00e1le\u017e\u00ed na konkr\u00e9tn\u00edm projektu a na p\u0159\u00e1n\u00ed z\u00e1kazn\u00edk\u016f. Jen velmi m\u00e1lo \u010dasto jsou zimn\u00ed zahrady ji\u017e zahrnuty ve stavebn\u00edm projektu. Pokud tomu tak nen\u00ed, lze je i p\u0159istav\u011bt dodate\u010dn\u011b....<p class=\"more-link-wrap\"><a href=\"https:\/\/www.bufaci.cz\/zimni-zahrady-pro-kazdou-domacnost\/\" class=\"more-link\">Read More<span class=\"screen-reader-text\"> &ldquo;Zimn\u00ed zahrady pro ka\u017edou dom\u00e1cnost&rdquo;<\/span> &raquo;<\/a><\/p>","datePublished":"2025-01-13","dateModified":"2025-01-13","author":{"@type":"Person","@id":"https:\/\/www.bufaci.cz\/author\/#Person","name":"","url":"https:\/\/www.bufaci.cz\/author\/","identifier":1,"image":{"@type":"ImageObject","@id":"https:\/\/secure.gravatar.com\/avatar\/c0c0e488d5f88ebdb5e32a558e21f6df03f38644814b5677bcd67e16813bee55?s=96&d=mm&r=g","url":"https:\/\/secure.gravatar.com\/avatar\/c0c0e488d5f88ebdb5e32a558e21f6df03f38644814b5677bcd67e16813bee55?s=96&d=mm&r=g","height":96,"width":96}},"publisher":{"@type":"Organization","name":"bufaci.cz","logo":{"@type":"ImageObject","@id":"\/logo.png","url":"\/logo.png","width":600,"height":60}},"url":"https:\/\/www.bufaci.cz\/zimni-zahrady-pro-kazdou-domacnost\/","wordCount":166,"articleBody":"Zimn\u00ed zahrady jsou syst\u00e9mov\u011b sestaveny z jednotliv\u00fdch prvk\u016f. Mohou m\u00edt v\u00fdklopn\u00e1 \u010di oto\u010dn\u00e1 okna, pevnou nebo vykl\u00e1p\u011bc\u00ed st\u0159echu, svisl\u00e9 st\u011bny mohou b\u00fdt pevn\u00e9 i posuvn\u00e9. V\u0161e z\u00e1le\u017e\u00ed na konkr\u00e9tn\u00edm projektu a na p\u0159\u00e1n\u00ed z\u00e1kazn\u00edk\u016f. Jen velmi m\u00e1lo \u010dasto jsou zimn\u00ed zahrady ji\u017e zahrnuty ve stavebn\u00edm projektu. Pokud tomu tak nen\u00ed, lze je i p\u0159istav\u011bt dodate\u010dn\u011b. To je v\u011bt\u0161ina p\u0159\u00edpad\u016f. D\u016fle\u017eit\u00e9 je, aby tvo\u0159ily s domem kompletn\u00ed celek, a nep\u016fsobily nepat\u0159i\u010dn\u011b nebo nebyly v \u00fapln\u011b odli\u0161n\u00e9m stylu, jako zbytek domu. Dodate\u010dn\u00e1 stavba V\u011bt\u0161inou si dop\u0159ejeme realizaci zimn\u00ed zahrady a\u017e o n\u011bkolik let pot\u00e9, co jsme dostav\u011bli d\u016fm. Je to nap\u0159\u00edklad z finan\u010dn\u00edch d\u016fvod\u016f. Tak\u00e9 n\u011bkdy a\u017e b\u011bhem zabydlov\u00e1n\u00ed zjist\u00edme, \u017ee n\u00e1m m\u00edsto, jako je zimn\u00ed zahrada, chyb\u00ed.                                                                                                                                                                                                                                                                                                                                                                                                "},{"@context":"https:\/\/schema.org\/","@type":"BreadcrumbList","itemListElement":[{"@type":"ListItem","position":1,"name":"Zimn\u00ed zahrady pro ka\u017edou dom\u00e1cnost","item":"https:\/\/www.bufaci.cz\/zimni-zahrady-pro-kazdou-domacnost\/#breadcrumbitem"}]}]